{"id":9944,"date":"2026-04-24T08:05:25","date_gmt":"2026-04-24T07:05:25","guid":{"rendered":"https:\/\/panpek.hr\/?p=9944"},"modified":"2026-04-27T07:56:20","modified_gmt":"2026-04-27T06:56:20","slug":"radno-vrijeme-na-praznik-rada","status":"publish","type":"post","link":"https:\/\/panpek.hr\/en\/radno-vrijeme-na-praznik-rada\/","title":{"rendered":"Radno vrijeme na Praznik rada"},"content":{"rendered":"<div data-elementor-type=\"wp-post\" data-elementor-id=\"9944\" class=\"elementor elementor-9944\" data-elementor-settings=\"[]\">\n\t\t\t\t\t\t\t<div class=\"elementor-section-wrap\">\n\t\t\t\t\t\t\t<section class=\"elementor-section elementor-top-section elementor-element elementor-element-6938277 elementor-section-full_width elementor-section-height-default elementor-section-height-default\" data-id=\"6938277\" data-element_type=\"section\" data-settings=\"{&quot;_ha_eqh_enable&quot;:false}\">\n\t\t\t\t\t\t<div class=\"elementor-container elementor-column-gap-no\">\n\t\t\t\t\t<div class=\"elementor-column elementor-col-100 elementor-top-column elementor-element elementor-element-ba2c2e3 lakit-col-width-auto-no\" data-id=\"ba2c2e3\" data-element_type=\"column\">\n\t\t\t<div class=\"elementor-widget-wrap elementor-element-populated\">\n\t\t\t\t\t\t\t\t<div class=\"elementor-element elementor-element-6242545 elementor-widget elementor-widget-text-editor\" data-id=\"6242545\" data-element_type=\"widget\" data-widget_type=\"text-editor.default\">\n\t\t\t\t<div class=\"elementor-widget-container\">\n\t\t\t<style>\/*! elementor - v3.5.5 - 03-02-2022 *\/\n.elementor-widget-text-editor.elementor-drop-cap-view-stacked .elementor-drop-cap{background-color:#818a91;color:#fff}.elementor-widget-text-editor.elementor-drop-cap-view-framed .elementor-drop-cap{color:#818a91;border:3px solid;background-color:transparent}.elementor-widget-text-editor:not(.elementor-drop-cap-view-default) .elementor-drop-cap{margin-top:8px}.elementor-widget-text-editor:not(.elementor-drop-cap-view-default) .elementor-drop-cap-letter{width:1em;height:1em}.elementor-widget-text-editor .elementor-drop-cap{float:left;text-align:center;line-height:1;font-size:50px}.elementor-widget-text-editor .elementor-drop-cap-letter{display:inline-block}<\/style>\t\t\t\t<p>U petak 1. svibnja, na Praznik rada, rade sljede\u0107e Pan-pek poslovnice:\u00a0<\/p><p>ZAGREB<br \/>Kre\u0161i\u0107eva 32, Borongaj<br \/>Lani\u0161te 24<br \/>Ilica 276, \u010crnomerec<br \/>Trg \u017ertava fa\u0161izma 9<br \/>Glavni kolodvor, Trg kralja Tomislava 12<br \/>Gajnice 32<br \/>Trg 101 brigade HV 5, \u0160pansko<br \/><br \/>VELIKA GORICA<br \/>Trg Stjepana Radi\u0107a 10<br \/>Trg kralja Tomislava 39<br \/><br \/>ISTRA I PRIMORJE<br \/>Autobusni kolodvor, Rovinj<br \/>Kamp Sipar, Umag<br \/>Kamp Polynesia, Umag<br \/>Trg Lo\u017ea 1, Novalja<br \/><br \/><br \/><\/p>\t\t\t\t\t\t<\/div>\n\t\t\t\t<\/div>\n\t\t\t\t\t<\/div>\n\t\t<\/div>\n\t\t\t\t\t\t\t<\/div>\n\t\t<\/section>\n\t\t\t\t<section class=\"elementor-section elementor-top-section elementor-element elementor-element-20f36a2 elementor-section-boxed elementor-section-height-default elementor-section-height-default\" data-id=\"20f36a2\" data-element_type=\"section\" data-settings=\"{&quot;_ha_eqh_enable&quot;:false}\">\n\t\t\t\t\t\t<div class=\"elementor-container elementor-column-gap-default\">\n\t\t\t\t\t<div class=\"elementor-column elementor-col-100 elementor-top-column elementor-element elementor-element-1a01535 lakit-col-width-auto-no\" data-id=\"1a01535\" data-element_type=\"column\">\n\t\t\t<div class=\"elementor-widget-wrap\">\n\t\t\t\t\t\t\t\t\t<\/div>\n\t\t<\/div>\n\t\t\t\t\t\t\t<\/div>\n\t\t<\/section>\n\t\t\t\t\t\t<\/div>\n\t\t\t\t\t<\/div>","protected":false},"excerpt":{"rendered":"<p>U petak 1. svibnja, na Praznik rada, rade sljede\u0107e Pan-pek poslovnice:\u00a0 ZAGREBKre\u0161i\u0107eva 32, BorongajLani\u0161te 24Ilica 276, \u010crnomerecTrg \u017ertava fa\u0161izma 9Glavni [&hellip;]<\/p>","protected":false},"author":1,"featured_media":8722,"comment_status":"closed","ping_status":"closed","sticky":false,"template":"","format":"standard","meta":{"footnotes":""},"categories":[57],"tags":[],"_links":{"self":[{"href":"https:\/\/panpek.hr\/en\/wp-json\/wp\/v2\/posts\/9944"}],"collection":[{"href":"https:\/\/panpek.hr\/en\/wp-json\/wp\/v2\/posts"}],"about":[{"href":"https:\/\/panpek.hr\/en\/wp-json\/wp\/v2\/types\/post"}],"author":[{"embeddable":true,"href":"https:\/\/panpek.hr\/en\/wp-json\/wp\/v2\/users\/1"}],"replies":[{"embeddable":true,"href":"https:\/\/panpek.hr\/en\/wp-json\/wp\/v2\/comments?post=9944"}],"version-history":[{"count":6,"href":"https:\/\/panpek.hr\/en\/wp-json\/wp\/v2\/posts\/9944\/revisions"}],"predecessor-version":[{"id":9963,"href":"https:\/\/panpek.hr\/en\/wp-json\/wp\/v2\/posts\/9944\/revisions\/9963"}],"wp:featuredmedia":[{"embeddable":true,"href":"https:\/\/panpek.hr\/en\/wp-json\/wp\/v2\/media\/8722"}],"wp:attachment":[{"href":"https:\/\/panpek.hr\/en\/wp-json\/wp\/v2\/media?parent=9944"}],"wp:term":[{"taxonomy":"category","embeddable":true,"href":"https:\/\/panpek.hr\/en\/wp-json\/wp\/v2\/categories?post=9944"},{"taxonomy":"post_tag","embeddable":true,"href":"https:\/\/panpek.hr\/en\/wp-json\/wp\/v2\/tags?post=9944"}],"curies":[{"name":"wp","href":"https:\/\/api.w.org\/{rel}","templated":true}]}}